{"id":8650,"date":"2024-05-08T13:11:44","date_gmt":"2024-05-08T11:11:44","guid":{"rendered":"https:\/\/www.mobilitas.org\/?p=8650"},"modified":"2024-05-08T13:20:07","modified_gmt":"2024-05-08T11:20:07","slug":"parcours-entrepreneur-alain-taieb-partie-2-5","status":"publish","type":"post","link":"https:\/\/www.mobilitas.org\/fr\/news\/parcours-entrepreneur-alain-taieb-partie-2-5\/","title":{"rendered":"D\u00c9COUVREZ LE PARCOURS ENGAG\u00c9 D\u2019ENTREPRENEUR D\u2019ALAIN TA\u00cfEB (PARTIE 2\/5)"},"content":{"rendered":"<p>Voici le second volet de l\u2019interview d\u2019<a href=\"https:\/\/www.linkedin.com\/in\/alaintaiebgroupemobilitas?originalSubdomain=uk&amp;challengeId=AQH84RJ6Dq1dAQAAAY8O821Rm9ITBJMRxHS11EP7k1eMS88fa42cKnS_dDK66rZhHDV_8upR4TJls8UiemBkWdveBEKQgfg4lA&amp;submissionId=0e2ca4cd-e125-c917-b9df-648fae783904&amp;challengeSource=AgEj6J_hPT8cUgAAAY8O87QYFVyB0fhdq73oqpkT9q64vXHk6WNszXUFXIx8IkA&amp;challegeType=AgEi6PTViXZzwAAAAY8O87Qb0aK6K86cWRqQlQ05hTGCxKWBMei3WN4&amp;memberId=AgHOUZ-Tfl33MAAAAY8O87Qe5BHXoitBHSRcpj-9rkk60iw&amp;recognizeDevice=AgGURiVx5XHe0QAAAY8O87QhV4CuyIB90DNDeaveeaOJ6RXryPq2\" target=\"_blank\" rel=\"noopener\">Alain Ta\u00efeb<\/a>. Il nous parle de son parcours d\u2019entrepreneur engag\u00e9 \u00e0 l\u2019international. En si\u00e9geant au conseil d&rsquo;administration des <a href=\"https:\/\/www.linkedin.com\/company\/comit-national-des-conseillers-du-commerce-ext-rieur-de-la-france\/?lipi=urn%3Ali%3Apage%3Ad_flagship3_search_srp_all%3BDTOXZJLuRFiGQH0alK24Pg%3D%3D\" target=\"_blank\" rel=\"noopener\">conseillers du commerce ext\u00e9rieur<\/a> depuis une douzaine d\u2019ann\u00e9es, il soutient les entreprises fran\u00e7aises \u00e0 l&rsquo;international.<\/p>\n<p>Alain Ta\u00efeb partage gracieusement son savoir et son r\u00e9seau pour aider les entrepreneurs \u00e0 r\u00e9ussir \u00e0 l&rsquo;international.<\/p>\n<p><a href=\"https:\/\/www.youtube.com\/watch?v=p7nuTDrNNGY&amp;ab_channel=MOBILITASGROUP\" target=\"_blank\" rel=\"noopener\">Regardez le second extrait de l\u2019intervention d\u2019Alain Ta\u00efeb dans l\u2019\u00e9mission Pari ETI.<\/a><\/p>\n","protected":false},"excerpt":{"rendered":"<p>Voici le second volet de l\u2019interview d\u2019Alain Ta\u00efeb. Il nous parle de son parcours d\u2019entrepreneur engag\u00e9 \u00e0 l\u2019international. En si\u00e9geant au conseil d&rsquo;administration des conseillers du commerce ext\u00e9rieur depuis une douzaine d\u2019ann\u00e9es, il soutient les entreprises fran\u00e7aises \u00e0 l&rsquo;international. Alain Ta\u00efeb partage gracieusement son savoir et son r\u00e9seau pour aider les entrepreneurs \u00e0 r\u00e9ussir \u00e0 &hellip; <a href=\"https:\/\/www.mobilitas.org\/fr\/news\/parcours-entrepreneur-alain-taieb-partie-2-5\/\">Continuer<\/a><\/p>\n","protected":false},"author":16,"featured_media":8655,"comment_status":"closed","ping_status":"closed","sticky":false,"template":"","format":"standard","meta":{"footnotes":"","wds_primary_category":0},"categories":[26],"tags":[],"acf":[],"_links":{"self":[{"href":"https:\/\/www.mobilitas.org\/fr\/wp-json\/wp\/v2\/posts\/8650"}],"collection":[{"href":"https:\/\/www.mobilitas.org\/fr\/wp-json\/wp\/v2\/posts"}],"about":[{"href":"https:\/\/www.mobilitas.org\/fr\/wp-json\/wp\/v2\/types\/post"}],"author":[{"embeddable":true,"href":"https:\/\/www.mobilitas.org\/fr\/wp-json\/wp\/v2\/users\/16"}],"replies":[{"embeddable":true,"href":"https:\/\/www.mobilitas.org\/fr\/wp-json\/wp\/v2\/comments?post=8650"}],"version-history":[{"count":2,"href":"https:\/\/www.mobilitas.org\/fr\/wp-json\/wp\/v2\/posts\/8650\/revisions"}],"predecessor-version":[{"id":8654,"href":"https:\/\/www.mobilitas.org\/fr\/wp-json\/wp\/v2\/posts\/8650\/revisions\/8654"}],"wp:featuredmedia":[{"embeddable":true,"href":"https:\/\/www.mobilitas.org\/fr\/wp-json\/wp\/v2\/media\/8655"}],"wp:attachment":[{"href":"https:\/\/www.mobilitas.org\/fr\/wp-json\/wp\/v2\/media?parent=8650"}],"wp:term":[{"taxonomy":"category","embeddable":true,"href":"https:\/\/www.mobilitas.org\/fr\/wp-json\/wp\/v2\/categories?post=8650"},{"taxonomy":"post_tag","embeddable":true,"href":"https:\/\/www.mobilitas.org\/fr\/wp-json\/wp\/v2\/tags?post=8650"}],"curies":[{"name":"wp","href":"https:\/\/api.w.org\/{rel}","templated":true}]}}