{"id":6549,"date":"2022-10-13T10:42:46","date_gmt":"2022-10-13T10:42:46","guid":{"rendered":"https:\/\/www.mobilitas.org\/news\/zambia-takes-strides-in-records-management\/"},"modified":"2022-10-17T07:18:36","modified_gmt":"2022-10-17T07:18:36","slug":"la-zambie-avance-a-grands-pas-dans-le-domaine-de-larchivage","status":"publish","type":"post","link":"https:\/\/www.mobilitas.org\/fr\/news\/la-zambie-avance-a-grands-pas-dans-le-domaine-de-larchivage\/","title":{"rendered":"La Zambie avance \u00e0 grands pas dans le domaine de l\u2019archivage"},"content":{"rendered":"<p><a href=\"https:\/\/www.ags-archivage.com\/\">L\u2019archivage de documents<\/a> est un domaine sp\u00e9cialis\u00e9 qui requiert l&rsquo;attention d&rsquo;experts. Pour cette raison, la communaut\u00e9 zambienne d\u2019archivage, qui comprend des banques, des soci\u00e9t\u00e9s mini\u00e8res et des institutions locales et internationales, a form\u00e9 la Zambian Archives and Records Management Association (ZARMA). L&rsquo;objectif de l&rsquo;association est d&rsquo;influencer la r\u00e9daction de la r\u00e9glementation du pays en mati\u00e8re d\u2019archivage et de veiller \u00e0 ce qu&rsquo;elle r\u00e9ponde aux normes internationales.<\/p>\n<p>&nbsp;<\/p>\n<p>&nbsp;<\/p>\n<p>&nbsp;<\/p>\n<h2 class=\"bpost\">Un lancement prometteur<\/h2>\n<p>L\u2019\u00e9v\u00e9nement de trois jours a \u00e9t\u00e9 organis\u00e9 \u00e0 Livingstone, en face des spectaculaires chutes Victoria, les plus grandes chutes d&rsquo;eau du monde, et a \u00e9t\u00e9 officiellement ouvert par le minist\u00e8re de l&rsquo;Int\u00e9rieur et le directeur des Archives nationales de Zambie ; ce qui t\u00e9moigne de l&rsquo;int\u00e9r\u00eat du gouvernement pour le secteur de l\u2019archivage.<\/p>\n<figure class=\"wp-caption alignright\" style=\"margin-left: 30px; box-shadow: #4e4e4e 2px 2px 8px -4px; width: 203px;\"><img decoding=\"async\" class=\" lazyloaded\" style=\"width: 201px;\" title=\"Nathalie Jeanneau, Directrice R\u00e9seau AGS en Afrique\" src=\"\/wp-content\/uploads\/2022\/03\/Nathalie_Jeanneau_Director_AGS_Africa_Network.png\" alt=\"Nathalie Jeanneau, Directrice R\u00e9seau AGS en Afrique\" width=\"180\" height=\"201\" data-src=\"\/wp-content\/uploads\/2022\/03\/Nathalie_Jeanneau_Director_AGS_Africa_Network.png\" \/><figcaption class=\"wp-caption-text\" style=\"text-align: center; font-size: 12px;\"><strong>Nathalie Jeanneau,<br \/>\n<\/strong><em style=\"font-size: 10px;\"> Directrice R\u00e9seau AGS en Afrique<\/em><\/figcaption><\/figure>\n<p>Les participants ont rencontr\u00e9 l&rsquo;\u00e9quipe provisoire de ZARMA et ont assist\u00e9 \u00e0 des ateliers de formation ainsi qu\u2019\u00e0 des pr\u00e9sentations sur divers th\u00e8mes, tel que la pr\u00e9servation, les questions juridiques, l\u2019archivage num\u00e9rique, l&rsquo;\u00e9thique et la conformit\u00e9. Les intervenants ont \u00e9galement pr\u00e9sent\u00e9 et analys\u00e9 le cas concret de l\u2019archivage dans les institutions financi\u00e8res zambiennes.<\/p>\n<p>La ZARMA compte d\u00e9j\u00e0 30 membres, dont <a href=\"https:\/\/www.ags-demenagement.com\/filiales\/afrique\/zambie\/\">AGS Zambie<\/a>, qui a parrain\u00e9 la conf\u00e9rence. \u00ab\u00a0Il existe un r\u00e9el besoin pour ce type d&rsquo;association\u00a0\u00bb, d\u00e9clare <a href=\"https:\/\/www.linkedin.com\/in\/nathalie-jeanneau\/\">Nathalie Jeanneau<\/a>, directrice du r\u00e9seau AGS Afrique. \u00ab\u00a0Nous sommes ravis de participer \u00e0 cette initiative. Il ne s\u2019agit que de la premi\u00e8re phase ; notre objectif est d&rsquo;organiser des \u00e9v\u00e9nements mensuels pour travailler sur l&rsquo;avenir de l\u2019archivage en Zambie.\u00a0\u00bb<\/p>\n<p>&nbsp;<\/p>\n<h2 class=\"bpost\">Un besoin croissant en termes d\u2019archivage<\/h2>\n<p>La conf\u00e9rence ZARMA est le deuxi\u00e8me \u00e9v\u00e9nement sur l\u2019archivage \u00e0 avoir lieu en Zambie cette ann\u00e9e. En avril, AGS a organis\u00e9 un \u00e9v\u00e9nement \u00e0 Ndola en partenariat avec la Chambre de Ndola (NDCCI) pour sensibiliser \u00e0 l\u2019archivage de documents dans la r\u00e9gion. Ndola est une ville de la province du Copperbelt en Zambie. Riche en r\u00e9serves min\u00e9rales, elle constitue le poumon \u00e9conomique du pays. Les professionnels locaux s&rsquo;interrogent sur la mani\u00e8re dont ils peuvent se conformer \u00e0 la r\u00e9glementation zambienne, et l&rsquo;\u00e9v\u00e9nement les a conduits \u00e0 cr\u00e9er une association pour structurer l\u2019activit\u00e9 d\u2019archivage de documents. Plus de 40 personnes y ont particip\u00e9, repr\u00e9sentant plus de 20 entreprises \u2013 Ce qui \u00e9tait bien au-del\u00e0 des pr\u00e9visions !<\/p>\n<figure class=\"wp-caption alignright\" style=\"margin-left: 30px; box-shadow: #4e4e4e 2px 2px 8px -4px; width: 203px;\"><img decoding=\"async\" class=\" lazyloaded\" style=\"width: 201px;\" title=\"Chaka Buhendwa, Directeur g\u00e9n\u00e9ral d'AGS Zambie\" src=\"\/wp-content\/uploads\/2022\/10\/chaka-buhendwa-ags-zambia-managing-director.jpg\" alt=\"Chaka Buhendwa, Directeur g\u00e9n\u00e9ral d'AGS Zambie\" width=\"180\" height=\"201\" data-src=\"\/wp-content\/uploads\/2022\/10\/chaka-buhendwa-ags-zambia-managing-director.jpg\" \/><figcaption class=\"wp-caption-text\" style=\"text-align: center; font-size: 12px;\"><strong>Chaka Buhendwa,<br \/>\n<\/strong><em style=\"font-size: 10px;\">Directeur g\u00e9n\u00e9ral d&rsquo;AGS Zambie<\/em><\/figcaption><\/figure>\n<p>Ces derni\u00e8res ann\u00e9es, la Zambie a connu un besoin croissant en mati\u00e8re d\u2019archivage, notamment au sein des banques et des compagnies d&rsquo;assurance qui ont besoin d\u2019installations d\u00e9di\u00e9es pour conserver leurs documents de mani\u00e8re confidentielle et s\u00e9curis\u00e9e. \u00ab\u00a0La demande de services d\u2019archivage de documents a consid\u00e9rablement augment\u00e9\u00a0\u00bb, explique <a href=\"https:\/\/www.linkedin.com\/in\/chaka-buhendwa-11281235\/\">Chaka Buhendwa<\/a>, directeur g\u00e9n\u00e9ral d&rsquo;AGS Zambie. \u00ab\u00a0Lorsque je suis arriv\u00e9 en 2019, seul un coin de notre entrep\u00f4t \u00e9tait d\u00e9di\u00e9 \u00e0 l\u2019archivage, soit environ 14000 bo\u00eetes. Nous voulions r\u00e9pondre aux besoins d\u2019un march\u00e9 en pleine expansion et avons d\u00e9cid\u00e9 de nous r\u00e9organiser pour faciliter le respect de la loi par les entreprises.\u00a0\u00bb \u00c0 ce titre, le Groupe AGS a construit un entrep\u00f4t d\u00e9di\u00e9 \u00e0 la fine pointe de la technologie, d\u2019une capacit\u00e9 de 88000 bo\u00eetes. Le b\u00e2timent a \u00e9t\u00e9 finalis\u00e9 en 2021 et accueille maintenant 34000 bo\u00eetes. On estime qu\u2019il atteindra sa capacit\u00e9 d\u2019ici 2024. .<\/p>\n<p>Le Groupe AGS a commenc\u00e9 \u00e0 op\u00e9rer en Zambie en 1997 et est maintenant pr\u00e9sent \u00e0 Lusaka et dans la Copperbelt, offrant des services de <a href=\"https:\/\/www.ags-demenagement.com\/\">d\u00e9m\u00e9nagement<\/a>, de stockage, d\u2019archivage et de relocalisation \u00e0 des clients dans tout le pays.<\/p>\n<p><strong>Vous \u00eates en Zambie et vous avez besoin de soutien ou de conseils en mati\u00e8re d\u2019archivage ? <a href=\"https:\/\/www.ags-archivage.com\/nous-contacter\/\">Prenez contact avec nous !<\/a><\/strong><\/p>\n","protected":false},"excerpt":{"rendered":"<p>L\u2019archivage de documents est un domaine sp\u00e9cialis\u00e9 qui requiert l&rsquo;attention d&rsquo;experts. Pour cette raison, la communaut\u00e9 zambienne d\u2019archivage, qui comprend des banques, des soci\u00e9t\u00e9s mini\u00e8res et des institutions locales et internationales, a form\u00e9 la Zambian Archives and Records Management Association (ZARMA). L&rsquo;objectif de l&rsquo;association est d&rsquo;influencer la r\u00e9daction de la r\u00e9glementation du pays en mati\u00e8re &hellip; <a href=\"https:\/\/www.mobilitas.org\/fr\/news\/la-zambie-avance-a-grands-pas-dans-le-domaine-de-larchivage\/\">Continuer<\/a><\/p>\n","protected":false},"author":12,"featured_media":6537,"comment_status":"closed","ping_status":"closed","sticky":false,"template":"","format":"standard","meta":{"footnotes":"","wds_primary_category":0},"categories":[26],"tags":[],"acf":[],"_links":{"self":[{"href":"https:\/\/www.mobilitas.org\/fr\/wp-json\/wp\/v2\/posts\/6549"}],"collection":[{"href":"https:\/\/www.mobilitas.org\/fr\/wp-json\/wp\/v2\/posts"}],"about":[{"href":"https:\/\/www.mobilitas.org\/fr\/wp-json\/wp\/v2\/types\/post"}],"author":[{"embeddable":true,"href":"https:\/\/www.mobilitas.org\/fr\/wp-json\/wp\/v2\/users\/12"}],"replies":[{"embeddable":true,"href":"https:\/\/www.mobilitas.org\/fr\/wp-json\/wp\/v2\/comments?post=6549"}],"version-history":[{"count":5,"href":"https:\/\/www.mobilitas.org\/fr\/wp-json\/wp\/v2\/posts\/6549\/revisions"}],"predecessor-version":[{"id":6555,"href":"https:\/\/www.mobilitas.org\/fr\/wp-json\/wp\/v2\/posts\/6549\/revisions\/6555"}],"wp:featuredmedia":[{"embeddable":true,"href":"https:\/\/www.mobilitas.org\/fr\/wp-json\/wp\/v2\/media\/6537"}],"wp:attachment":[{"href":"https:\/\/www.mobilitas.org\/fr\/wp-json\/wp\/v2\/media?parent=6549"}],"wp:term":[{"taxonomy":"category","embeddable":true,"href":"https:\/\/www.mobilitas.org\/fr\/wp-json\/wp\/v2\/categories?post=6549"},{"taxonomy":"post_tag","embeddable":true,"href":"https:\/\/www.mobilitas.org\/fr\/wp-json\/wp\/v2\/tags?post=6549"}],"curies":[{"name":"wp","href":"https:\/\/api.w.org\/{rel}","templated":true}]}}