{"id":6148,"date":"2022-07-27T07:00:43","date_gmt":"2022-07-27T07:00:43","guid":{"rendered":"https:\/\/www.mobilitas.org\/news\/meet-laurent-onainty-managing-director-of-the-mobilitas-heritage-division\/"},"modified":"2023-03-02T10:35:42","modified_gmt":"2023-03-02T10:35:42","slug":"a-la-rencontre-de-laurent-onainty-directeur-general-du-pole-patrimoine-la-rencontre-de-laurent-onainty-directeur-general-du-pole-patrimoine","status":"publish","type":"post","link":"https:\/\/www.mobilitas.org\/fr\/news\/a-la-rencontre-de-laurent-onainty-directeur-general-du-pole-patrimoine-la-rencontre-de-laurent-onainty-directeur-general-du-pole-patrimoine\/","title":{"rendered":"\u00c0 la rencontre de Laurent Onainty, Directeur G\u00e9n\u00e9ral du P\u00f4le Patrimoine"},"content":{"rendered":"<p>Apr\u00e8s mes cinq ann\u00e9es d\u2019\u00e9tudes en histoire, sp\u00e9cialit\u00e9 archivistique, j\u2019ai fait la rencontre de Christian Chabrier, l\u2019un des fondateurs de l\u2019entreprise <a href=\"https:\/\/www.arkhenum.fr\/\">Arkh\u00eanum<\/a>. J\u2019en suis rapidement devenu le premier salari\u00e9 en tant qu\u2019op\u00e9rateur. Au fil des ann\u00e9es, j\u2019ai acquis la ma\u00eetrise technique de la num\u00e9risation et j\u2019ai vu ces technologies et les usages \u00e9voluer.<\/p>\n<p>J\u2019ai ensuite gravi les \u00e9chelons au sein d\u2019Arkh\u00eanum et j\u2019ai \u00e0 la fois \u00e9t\u00e9 au contact des clients en tant que commercial, \u00e0 la d\u00e9couverte de documents anciens exceptionnels ou en relation avec des experts et conservateurs passionn\u00e9s par le patrimoine.<\/p>\n<p><img decoding=\"async\" class=\"wp-image-2637 alignright\" style=\"margin-left: 30px;\" src=\"\/wp-content\/uploads\/2022\/07\/arkhenum-preservation-du-patrimoine-et-numerisation-fr.jpg\" alt=\"Arkh\u00eanum, Pr\u00e9servation du patrimoine et num\u00e9risation\" width=\"300\" height=\"130\" \/><br \/>\nEn 2016, lorsqu\u2019Arkh\u00eanum rejoint le Groupe MOBILITAS, je deviens Directeur G\u00e9n\u00e9ral, puis en 2021 <a href=\"https:\/\/www.linkedin.com\/in\/laurent-onainty-a65130105\/?originalSubdomain=fr\">Directeur G\u00e9n\u00e9ral du P\u00f4le Patrimoine du Groupe<\/a>. Aujourd\u2019hui, le P\u00f4le Patrimoine se trouve dans la continuit\u00e9 de ce que peut attendre le premier salari\u00e9 entr\u00e9 dans une petite entreprise et qui se voit 20 ans apr\u00e8s dirigeant d\u2019une PME puis \u00e0 la t\u00eate d\u2019une business unit qui n\u2019a pas d\u2019autre \u00e9quivalent.<\/p>\n<p>Mon parcours montre qu\u2019allier archives et technologies est possible. Les deux doivent s\u2019apporter mutuellement. Notre <a href=\"https:\/\/www.mobilitas.org\/fr\/les-expertises-du-pole-patrimoine\/\">p\u00f4le patrimoine<\/a> donne une r\u00e9alit\u00e9 \u00e0 ce projet imagin\u00e9 il y a plus de 20 ans. Il constitue un vrai challenge \u00e0 relever.<\/p>\n<p>&nbsp;<\/p>\n<h2 class=\"bpost\">Vos passions et vos \u00e9quipes<\/h2>\n<p>Le patrimoine bien s\u00fbr, mais aussi et surtout le management des \u00e9quipes. Je suis tr\u00e8s fier de nos talents et partage avec eux l\u2019\u00e9motion de voir des documents qui ont une port\u00e9e historique tant pour l\u2019histoire commune ou institutionnelle, mais aussi pour la petite histoire.<\/p>\n<p>Mon autre passion r\u00e9side dans le sport et notamment le rugby et l\u2019esprit d\u2019\u00e9quipe qu\u2019il implique. C\u2019est le m\u00eame esprit qui anime le p\u00f4le patrimoine. Quand on fait se c\u00f4toyer par exemple un tailleur de pierre, un archiviste, un restaurateur, un photographe, il faut une unit\u00e9 tr\u00e8s forte pour <a href=\"https:\/\/www.mobilitas.org\/fr\/news\/le-pole-patrimoine-du-groupe-mobilitas-acteur-des-industries-culturelles-et-creatives\/\">avancer ensemble<\/a> et coordonner de magnifiques projets que nous confient des clients qu\u2019ils aient une renomm\u00e9e internationale, un savoir-faire m\u00e9connu ou qu\u2019ils soient d\u2019envergure modeste avec des tr\u00e9sors extraordinaires devant \u00eatre pr\u00e9serv\u00e9s.<\/p>\n<p>&nbsp;<\/p>\n<h2 class=\"bpost\">Un moment d\u2019\u00e9motion face \u00e0 un chantier ou une \u0153uvre<\/h2>\n<p>Le jour o\u00f9 j\u2019ai d\u00e9couvert qu\u2019un client \u00e0 qui j\u2019avais rendu service se r\u00e9v\u00e9lait \u00eatre partenaire d\u2019une tr\u00e8s grande marque de haute-couture. Et de ce petit projet anodin, Arkh\u00eanum a num\u00e9ris\u00e9 l\u2019ensemble de la production de cette grande marque. Un projet de 5 ans qui a passionn\u00e9 les \u00e9quipes. L\u2019entreprise et ses salari\u00e9s savent relever des d\u00e9fis dont la port\u00e9e est internationale et strat\u00e9gique.<\/p>\n<p>Plus r\u00e9cemment, la num\u00e9risation d\u2019objets qui \u00e9manent du M\u00e9morial de la Shoah, comme des objets r\u00e9colt\u00e9s lors des rafles ou des brassards nazis, m\u2019a \u00e9galement particuli\u00e8rement touch\u00e9.<\/p>\n<p>&nbsp;<\/p>\n<h2 class=\"bpost\">Vos v\u0153ux pour les ann\u00e9es \u00e0 venir pour le p\u00f4le Patrimoine du Groupe MOBILITAS<\/h2>\n<p><img decoding=\"async\" class=\"wp-image-2637 alignright\" style=\"margin-left: 30px;\" src=\"\/wp-content\/uploads\/2023\/03\/memorist-heritage-and-beyond-2023.jpg\" alt=\"Memorist, Heritage and Beyond\" width=\"300\" height=\"130\" \/>Notre objectif pour le p\u00f4le patrimoine est d\u2019\u00e9toffer notre <a href=\"https:\/\/www.arkhenum.fr\/expertises\/\">palette de savoir-faire<\/a> et parvenir \u00e0 greffer de nouveaux talents \u00e0 notre aventure. Nous avons besoin d\u2019experts avec des comp\u00e9tences compl\u00e9mentaires \u00e0 celles que le p\u00f4le compte d\u00e9j\u00e0, afin de b\u00e9n\u00e9ficier de leurs expertises et leurs regards sur notre projet. Et bien s\u00fbr agrandir notre zone d\u2019influence, en ayant une approche internationale, car au final nous contribuons \u00e0 notre \u00e9chelle au partage des cultures.<\/p>\n<p><strong>Donnez une place de choix \u00e0 votre pass\u00e9 gr\u00e2ce \u00e0 l\u2019expertise du Groupe MOBILITAS. <a href=\"https:\/\/www.arkhenum.fr\/contact\/\">Contactez-nous<\/a><\/strong><\/p>\n","protected":false},"excerpt":{"rendered":"<p>Apr\u00e8s mes cinq ann\u00e9es d\u2019\u00e9tudes en histoire, sp\u00e9cialit\u00e9 archivistique, j\u2019ai fait la rencontre de Christian Chabrier, l\u2019un des fondateurs de l\u2019entreprise Arkh\u00eanum. J\u2019en suis rapidement devenu le premier salari\u00e9 en tant qu\u2019op\u00e9rateur. Au fil des ann\u00e9es, j\u2019ai acquis la ma\u00eetrise technique de la num\u00e9risation et j\u2019ai vu ces technologies et les usages \u00e9voluer. J\u2019ai ensuite &hellip; <a href=\"https:\/\/www.mobilitas.org\/fr\/news\/a-la-rencontre-de-laurent-onainty-directeur-general-du-pole-patrimoine-la-rencontre-de-laurent-onainty-directeur-general-du-pole-patrimoine\/\">Continuer<\/a><\/p>\n","protected":false},"author":12,"featured_media":6155,"comment_status":"closed","ping_status":"closed","sticky":false,"template":"","format":"standard","meta":{"footnotes":"","wds_primary_category":0},"categories":[26],"tags":[],"acf":[],"_links":{"self":[{"href":"https:\/\/www.mobilitas.org\/fr\/wp-json\/wp\/v2\/posts\/6148"}],"collection":[{"href":"https:\/\/www.mobilitas.org\/fr\/wp-json\/wp\/v2\/posts"}],"about":[{"href":"https:\/\/www.mobilitas.org\/fr\/wp-json\/wp\/v2\/types\/post"}],"author":[{"embeddable":true,"href":"https:\/\/www.mobilitas.org\/fr\/wp-json\/wp\/v2\/users\/12"}],"replies":[{"embeddable":true,"href":"https:\/\/www.mobilitas.org\/fr\/wp-json\/wp\/v2\/comments?post=6148"}],"version-history":[{"count":16,"href":"https:\/\/www.mobilitas.org\/fr\/wp-json\/wp\/v2\/posts\/6148\/revisions"}],"predecessor-version":[{"id":6913,"href":"https:\/\/www.mobilitas.org\/fr\/wp-json\/wp\/v2\/posts\/6148\/revisions\/6913"}],"wp:featuredmedia":[{"embeddable":true,"href":"https:\/\/www.mobilitas.org\/fr\/wp-json\/wp\/v2\/media\/6155"}],"wp:attachment":[{"href":"https:\/\/www.mobilitas.org\/fr\/wp-json\/wp\/v2\/media?parent=6148"}],"wp:term":[{"taxonomy":"category","embeddable":true,"href":"https:\/\/www.mobilitas.org\/fr\/wp-json\/wp\/v2\/categories?post=6148"},{"taxonomy":"post_tag","embeddable":true,"href":"https:\/\/www.mobilitas.org\/fr\/wp-json\/wp\/v2\/tags?post=6148"}],"curies":[{"name":"wp","href":"https:\/\/api.w.org\/{rel}","templated":true}]}}