{"id":1703,"date":"2020-04-29T14:19:04","date_gmt":"2020-04-29T14:19:04","guid":{"rendered":"https:\/\/new-fr.mobilitas.org\/?p=1703"},"modified":"2021-02-15T12:21:55","modified_gmt":"2021-02-15T12:21:55","slug":"le-groupe-ags-traverse-la-crise-avec-laide-de-bpi-et-des-pge","status":"publish","type":"post","link":"https:\/\/www.mobilitas.org\/fr\/news\/le-groupe-ags-traverse-la-crise-avec-laide-de-bpi-et-des-pge\/","title":{"rendered":"Le groupe AGS traverse la crise avec l\u2019aide de BPI et des PGE"},"content":{"rendered":"<p><strong>Les entreprises fran\u00e7aises \u00e0 l\u2019international peuvent compter sur les m\u00e9canismes de soutien des pouvoirs publics fran\u00e7ais \u00e0 travers la BPI et les PGE pour les aider \u00e0 naviguer dans des \u00e9conomies fragilis\u00e9es par la crise di coronavirus. Ecoutez l\u2019interview d\u2019Alain Ta\u00efeb sur RFI, en 2e partie sur ce sujet.<\/strong><\/p>\n<p style=\"text-align: left;\"><button style=\"margin-top: 10px;\"><a href=\"http:\/\/www.rfi.fr\/fr\/podcasts\/20200429-paris-soutient-entreprises-en-afrique\" target=\"_blank\" rel=\"noopener noreferrer\">Ecoutez l&rsquo;interview<\/a><\/button><\/p>\n","protected":false},"excerpt":{"rendered":"<p>Les entreprises fran\u00e7aises \u00e0 l\u2019international peuvent compter sur les m\u00e9canismes de soutien des pouvoirs publics fran\u00e7ais \u00e0 travers la BPI et les PGE pour les aider \u00e0 naviguer dans des \u00e9conomies fragilis\u00e9es par la crise di coronavirus. Ecoutez l\u2019interview d\u2019Alain Ta\u00efeb sur RFI, en 2e partie sur ce sujet. Ecoutez l&rsquo;interview<\/p>\n","protected":false},"author":3,"featured_media":1704,"comment_status":"closed","ping_status":"closed","sticky":false,"template":"","format":"standard","meta":{"footnotes":"","wds_primary_category":0},"categories":[26],"tags":[],"acf":[],"_links":{"self":[{"href":"https:\/\/www.mobilitas.org\/fr\/wp-json\/wp\/v2\/posts\/1703"}],"collection":[{"href":"https:\/\/www.mobilitas.org\/fr\/wp-json\/wp\/v2\/posts"}],"about":[{"href":"https:\/\/www.mobilitas.org\/fr\/wp-json\/wp\/v2\/types\/post"}],"author":[{"embeddable":true,"href":"https:\/\/www.mobilitas.org\/fr\/wp-json\/wp\/v2\/users\/3"}],"replies":[{"embeddable":true,"href":"https:\/\/www.mobilitas.org\/fr\/wp-json\/wp\/v2\/comments?post=1703"}],"version-history":[{"count":3,"href":"https:\/\/www.mobilitas.org\/fr\/wp-json\/wp\/v2\/posts\/1703\/revisions"}],"predecessor-version":[{"id":1708,"href":"https:\/\/www.mobilitas.org\/fr\/wp-json\/wp\/v2\/posts\/1703\/revisions\/1708"}],"wp:featuredmedia":[{"embeddable":true,"href":"https:\/\/www.mobilitas.org\/fr\/wp-json\/wp\/v2\/media\/1704"}],"wp:attachment":[{"href":"https:\/\/www.mobilitas.org\/fr\/wp-json\/wp\/v2\/media?parent=1703"}],"wp:term":[{"taxonomy":"category","embeddable":true,"href":"https:\/\/www.mobilitas.org\/fr\/wp-json\/wp\/v2\/categories?post=1703"},{"taxonomy":"post_tag","embeddable":true,"href":"https:\/\/www.mobilitas.org\/fr\/wp-json\/wp\/v2\/tags?post=1703"}],"curies":[{"name":"wp","href":"https:\/\/api.w.org\/{rel}","templated":true}]}}