{"id":1697,"date":"2020-05-04T08:59:43","date_gmt":"2020-05-04T08:59:43","guid":{"rendered":"https:\/\/new-fr.mobilitas.org\/?p=1697"},"modified":"2021-02-15T12:21:55","modified_gmt":"2021-02-15T12:21:55","slug":"le-groupe-ags-et-les-v-i-e-ensemble-aujourdhui-pour-reconstruire-leconomie-de-demain","status":"publish","type":"post","link":"https:\/\/www.mobilitas.org\/fr\/news\/le-groupe-ags-et-les-v-i-e-ensemble-aujourdhui-pour-reconstruire-leconomie-de-demain\/","title":{"rendered":"Le Groupe AGS et les V.I.E, ensemble aujourd\u2019hui pour reconstruire l\u2019\u00e9conomie de demain"},"content":{"rendered":"<p>Face \u00e0 la crise sanitaire mondiale, Business France adapte les modalit\u00e9s de mission V.I.E pour accompagner les jeunes dipl\u00f4m\u00e9s et les entreprises fran\u00e7aises dans le maintien de leur activit\u00e9 \u00e0 l\u2019export.\u00a0 Ensemble, les V.I.E et les entreprises qui s\u2019engagent, deviennent des acteurs de la relance de l\u2019\u00e9conomie fran\u00e7aise \u00e0 l\u2019international.<\/p>\n<p>Une dynamique soutenue par les CCE et la Team France Export.<\/p>\n<p><a href=\"https:\/\/vie.businessfrance.fr\/entreprises-et-jeunes-v-i-e-ensemble-aujourd-hui-pour-reconstruire-l-economie-de-demain\">Lire l\u2019article<\/a> \u00e9crit par Business France paru le 30\/04\/2020 sur le site internet Blog V.I.E.<\/p>\n","protected":false},"excerpt":{"rendered":"<p>Face \u00e0 la crise sanitaire mondiale, Business France adapte les modalit\u00e9s de mission V.I.E pour accompagner les jeunes dipl\u00f4m\u00e9s et les entreprises fran\u00e7aises dans le maintien de leur activit\u00e9 \u00e0 l\u2019export.\u00a0 Ensemble, les V.I.E et les entreprises qui s\u2019engagent, deviennent des acteurs de la relance de l\u2019\u00e9conomie fran\u00e7aise \u00e0 l\u2019international. Une dynamique soutenue par les &hellip; <a href=\"https:\/\/www.mobilitas.org\/fr\/news\/le-groupe-ags-et-les-v-i-e-ensemble-aujourdhui-pour-reconstruire-leconomie-de-demain\/\">Continuer<\/a><\/p>\n","protected":false},"author":3,"featured_media":1698,"comment_status":"closed","ping_status":"closed","sticky":false,"template":"","format":"standard","meta":{"footnotes":"","wds_primary_category":0},"categories":[26],"tags":[],"acf":[],"_links":{"self":[{"href":"https:\/\/www.mobilitas.org\/fr\/wp-json\/wp\/v2\/posts\/1697"}],"collection":[{"href":"https:\/\/www.mobilitas.org\/fr\/wp-json\/wp\/v2\/posts"}],"about":[{"href":"https:\/\/www.mobilitas.org\/fr\/wp-json\/wp\/v2\/types\/post"}],"author":[{"embeddable":true,"href":"https:\/\/www.mobilitas.org\/fr\/wp-json\/wp\/v2\/users\/3"}],"replies":[{"embeddable":true,"href":"https:\/\/www.mobilitas.org\/fr\/wp-json\/wp\/v2\/comments?post=1697"}],"version-history":[{"count":3,"href":"https:\/\/www.mobilitas.org\/fr\/wp-json\/wp\/v2\/posts\/1697\/revisions"}],"predecessor-version":[{"id":1702,"href":"https:\/\/www.mobilitas.org\/fr\/wp-json\/wp\/v2\/posts\/1697\/revisions\/1702"}],"wp:featuredmedia":[{"embeddable":true,"href":"https:\/\/www.mobilitas.org\/fr\/wp-json\/wp\/v2\/media\/1698"}],"wp:attachment":[{"href":"https:\/\/www.mobilitas.org\/fr\/wp-json\/wp\/v2\/media?parent=1697"}],"wp:term":[{"taxonomy":"category","embeddable":true,"href":"https:\/\/www.mobilitas.org\/fr\/wp-json\/wp\/v2\/categories?post=1697"},{"taxonomy":"post_tag","embeddable":true,"href":"https:\/\/www.mobilitas.org\/fr\/wp-json\/wp\/v2\/tags?post=1697"}],"curies":[{"name":"wp","href":"https:\/\/api.w.org\/{rel}","templated":true}]}}