{"id":1655,"date":"2020-04-24T13:11:47","date_gmt":"2020-04-24T13:11:47","guid":{"rendered":"https:\/\/new-fr.mobilitas.org\/?p=1655"},"modified":"2021-02-01T13:00:43","modified_gmt":"2021-02-01T13:00:43","slug":"jerome-merle-protegeons-le-present-pour-assurer-le-futur","status":"publish","type":"post","link":"https:\/\/www.mobilitas.org\/fr\/news\/jerome-merle-protegeons-le-present-pour-assurer-le-futur\/","title":{"rendered":"\u00ab\u00a0Prot\u00e9geons le pr\u00e9sent pour assurer le futur\u00a0\u00bb"},"content":{"rendered":"<p>Face \u00e0 une situation in\u00e9dite\u00a0provoqu\u00e9e par la pand\u00e9mie du COVID-19, J\u00e9r\u00f4me Merle a su d\u00e9velopper et adapter son offre de services ainsi que le travail de ses \u00e9quipes pour faire face \u00e0 ces nouvelles circonstances. J\u00e9r\u00f4me nous donne sa vision de l\u2019avenir.<\/p>\n<p>Pr\u00e9sent dans 96 pays, le Groupe AGS emploie plus de 2200 personnes dans le monde et figure parmi les leaders mondiaux de la mobilit\u00e9 \u00e0 l&rsquo;international et de l&rsquo;archivage. D\u00e9couvrez tous les points forts du Groupe AGS et d\u2019AGS Portugal dans <a href=\"https:\/\/lepetitjournal.com\/lisbonne\/jerome-merle-protegeons-le-present-pour-assurer-le-futur-279090?utm_source=&amp;utm_medium=email&amp;utm_campaign=NL+Lisbonne\">cet article<\/a><\/p>\n<p><a href=\"https:\/\/lepetitjournal.com\/lisbonne\/jerome-merle-protegeons-le-present-pour-assurer-le-futur-279090?utm_source=&amp;utm_medium=email&amp;utm_campaign=NL+Lisbonne\">Lire l\u2019article<\/a> de\u00a0<a href=\"https:\/\/lepetitjournal.com\/maria-sobral-142163\">Maria Sobral<\/a>\u00a0| Publi\u00e9 le 23\/04\/2020\u00a0dans le Petit Journal<\/p>\n","protected":false},"excerpt":{"rendered":"<p>Face \u00e0 une situation in\u00e9dite\u00a0provoqu\u00e9e par la pand\u00e9mie du COVID-19, J\u00e9r\u00f4me Merle a su d\u00e9velopper et adapter son offre de services ainsi que le travail de ses \u00e9quipes pour faire face \u00e0 ces nouvelles circonstances. J\u00e9r\u00f4me nous donne sa vision de l\u2019avenir. Pr\u00e9sent dans 96 pays, le Groupe AGS emploie plus de 2200 personnes dans &hellip; <a href=\"https:\/\/www.mobilitas.org\/fr\/news\/jerome-merle-protegeons-le-present-pour-assurer-le-futur\/\">Continuer<\/a><\/p>\n","protected":false},"author":3,"featured_media":1683,"comment_status":"open","ping_status":"open","sticky":false,"template":"","format":"standard","meta":{"footnotes":"","wds_primary_category":0},"categories":[26],"tags":[],"acf":[],"_links":{"self":[{"href":"https:\/\/www.mobilitas.org\/fr\/wp-json\/wp\/v2\/posts\/1655"}],"collection":[{"href":"https:\/\/www.mobilitas.org\/fr\/wp-json\/wp\/v2\/posts"}],"about":[{"href":"https:\/\/www.mobilitas.org\/fr\/wp-json\/wp\/v2\/types\/post"}],"author":[{"embeddable":true,"href":"https:\/\/www.mobilitas.org\/fr\/wp-json\/wp\/v2\/users\/3"}],"replies":[{"embeddable":true,"href":"https:\/\/www.mobilitas.org\/fr\/wp-json\/wp\/v2\/comments?post=1655"}],"version-history":[{"count":4,"href":"https:\/\/www.mobilitas.org\/fr\/wp-json\/wp\/v2\/posts\/1655\/revisions"}],"predecessor-version":[{"id":1661,"href":"https:\/\/www.mobilitas.org\/fr\/wp-json\/wp\/v2\/posts\/1655\/revisions\/1661"}],"wp:featuredmedia":[{"embeddable":true,"href":"https:\/\/www.mobilitas.org\/fr\/wp-json\/wp\/v2\/media\/1683"}],"wp:attachment":[{"href":"https:\/\/www.mobilitas.org\/fr\/wp-json\/wp\/v2\/media?parent=1655"}],"wp:term":[{"taxonomy":"category","embeddable":true,"href":"https:\/\/www.mobilitas.org\/fr\/wp-json\/wp\/v2\/categories?post=1655"},{"taxonomy":"post_tag","embeddable":true,"href":"https:\/\/www.mobilitas.org\/fr\/wp-json\/wp\/v2\/tags?post=1655"}],"curies":[{"name":"wp","href":"https:\/\/api.w.org\/{rel}","templated":true}]}}